{"id":4485,"date":"2025-03-15T13:14:10","date_gmt":"2025-03-15T13:14:10","guid":{"rendered":"http:\/\/ra-soest.de\/?p=4485"},"modified":"2025-03-15T13:14:10","modified_gmt":"2025-03-15T13:14:10","slug":"mitbestimmungsrecht-fuer-headsets-im-einzelhandel-bag-urteil-vom-16-07-2024-1-abr-16-23","status":"publish","type":"post","link":"https:\/\/ra-soest.de\/?p=4485","title":{"rendered":"Mitbestimmungsrecht f\u00fcr Headsets im Einzelhandel: BAG, Urteil vom 16.07.2024 -1 ABR 16\/23-"},"content":{"rendered":"\n<p>F\u00fchrt der Arbeitgeber ein Headset-System ein, das den Vorgesetzten das Mith\u00f6ren der Kommunikation unter den Arbeitnehmern erm\u00f6glicht, handelt es sich hierbei um eine gem\u00e4\u00df \u00a7 87 Absatz 1 Nr. 6 BetrVG mitbestimmungspflichtige technische \u00dcberwachungseinrichtung. Dies gilt auch dann, wenn der Arbeitgeber die Gespr\u00e4che nicht aufzeichnet oder speichert.<\/p>\n","protected":false},"excerpt":{"rendered":"<p>F\u00fchrt der Arbeitgeber ein Headset-System ein, das den Vorgesetzten das Mith\u00f6ren der Kommunikation unter den Arbeitnehmern erm\u00f6glicht, handelt es sich hierbei um eine gem\u00e4\u00df \u00a7 87 Absatz 1 Nr. 6 BetrVG mitbestimmungspflichtige technische \u00dcberwachungseinrichtung. Dies gilt auch dann, wenn der Arbeitgeber die Gespr\u00e4che nicht aufzeichnet oder speichert.<span class=\"more-link-wrap\"><a class=\"more-link\" href=\"https:\/\/ra-soest.de\/?p=4485\">Read More &rarr;<\/a><\/span><\/p>\n","protected":false},"author":2,"featured_media":0,"comment_status":"closed","ping_status":"closed","sticky":false,"template":"","format":"standard","meta":{"footnotes":""},"categories":[2],"tags":[],"class_list":["entry","author-hoecker","post-4485","post","type-post","status-publish","format-standard","category-arbeitsrecht"],"_links":{"self":[{"href":"https:\/\/ra-soest.de\/index.php?rest_route=\/wp\/v2\/posts\/4485","targetHints":{"allow":["GET"]}}],"collection":[{"href":"https:\/\/ra-soest.de\/index.php?rest_route=\/wp\/v2\/posts"}],"about":[{"href":"https:\/\/ra-soest.de\/index.php?rest_route=\/wp\/v2\/types\/post"}],"author":[{"embeddable":true,"href":"https:\/\/ra-soest.de\/index.php?rest_route=\/wp\/v2\/users\/2"}],"replies":[{"embeddable":true,"href":"https:\/\/ra-soest.de\/index.php?rest_route=%2Fwp%2Fv2%2Fcomments&post=4485"}],"version-history":[{"count":1,"href":"https:\/\/ra-soest.de\/index.php?rest_route=\/wp\/v2\/posts\/4485\/revisions"}],"predecessor-version":[{"id":4486,"href":"https:\/\/ra-soest.de\/index.php?rest_route=\/wp\/v2\/posts\/4485\/revisions\/4486"}],"wp:attachment":[{"href":"https:\/\/ra-soest.de\/index.php?rest_route=%2Fwp%2Fv2%2Fmedia&parent=4485"}],"wp:term":[{"taxonomy":"category","embeddable":true,"href":"https:\/\/ra-soest.de\/index.php?rest_route=%2Fwp%2Fv2%2Fcategories&post=4485"},{"taxonomy":"post_tag","embeddable":true,"href":"https:\/\/ra-soest.de\/index.php?rest_route=%2Fwp%2Fv2%2Ftags&post=4485"}],"curies":[{"name":"wp","href":"https:\/\/api.w.org\/{rel}","templated":true}]}}