{"id":4414,"date":"2022-05-17T21:30:29","date_gmt":"2022-05-17T21:30:29","guid":{"rendered":"http:\/\/ra-soest.de\/?p=4414"},"modified":"2022-05-17T21:30:29","modified_gmt":"2022-05-17T21:30:29","slug":"behoerdliche-quarantaene-fuehrt-nicht-zur-nachgewaehr-von-urlaub-lag-duesseldorf-urteil-vom-15-10-2021-7-sa-85721","status":"publish","type":"post","link":"https:\/\/ra-soest.de\/?p=4414","title":{"rendered":"Beh\u00f6rdliche Quarant\u00e4ne f\u00fchrt nicht zur Nachgew\u00e4hr von Urlaub: LAG D\u00fcsseldorf, Urteil vom 15.10.2021 -7 Sa 857\/21-"},"content":{"rendered":"<p align=\"JUSTIFY\">Wer w\u00e4hrend des genehmigten Urlaubs eine Quarant\u00e4neanordnung erh\u00e4lt, bekommt die Urlaubstage ohne eine \u00e4rztliche Arbeitsunf\u00e4higkeitsbescheinigung nicht nachgew\u00e4hrt. Ein solcher Anspruch ergibt sich weder unmittelbar, noch aus analoger Anwendung von \u00a7 9 BUrlG. Die Entscheidung liegt auf einer Linie mit weiteren erstinstanzlichen Entscheidungen (LAG K\u00f6ln, Urteil vom 13.12.2021, 2 Sa 488\/21; ArbG Neum\u00fcnster, Urteil vom 03.08.2021, 3 Ca 362 b721; ArbG Bonn, Urteil vom 07.07.2021, 2 Ca 504\/21).<\/p>\n","protected":false},"excerpt":{"rendered":"<p>Wer w\u00e4hrend des genehmigten Urlaubs eine Quarant\u00e4neanordnung erh\u00e4lt, bekommt die Urlaubstage ohne eine \u00e4rztliche Arbeitsunf\u00e4higkeitsbescheinigung nicht nachgew\u00e4hrt. Ein solcher Anspruch ergibt sich weder unmittelbar, noch aus analoger Anwendung von \u00a7 9 BUrlG. Die Entscheidung liegt auf einer Linie mit weiteren erstinstanzlichen Entscheidungen (LAG K\u00f6ln, Urteil vom 13.12.2021, 2 Sa 488\/21; ArbG Neum\u00fcnster, Urteil vom 03.08.2021, 3 Ca 362 b721; ArbG Bonn, Urteil vom 07.07.2021, 2 Ca 504\/21).<span class=\"more-link-wrap\"><a class=\"more-link\" href=\"https:\/\/ra-soest.de\/?p=4414\">Read More &rarr;<\/a><\/span><\/p>\n","protected":false},"author":2,"featured_media":0,"comment_status":"closed","ping_status":"closed","sticky":false,"template":"","format":"standard","meta":{"footnotes":""},"categories":[2],"tags":[],"class_list":["entry","author-hoecker","post-4414","post","type-post","status-publish","format-standard","category-arbeitsrecht"],"_links":{"self":[{"href":"https:\/\/ra-soest.de\/index.php?rest_route=\/wp\/v2\/posts\/4414","targetHints":{"allow":["GET"]}}],"collection":[{"href":"https:\/\/ra-soest.de\/index.php?rest_route=\/wp\/v2\/posts"}],"about":[{"href":"https:\/\/ra-soest.de\/index.php?rest_route=\/wp\/v2\/types\/post"}],"author":[{"embeddable":true,"href":"https:\/\/ra-soest.de\/index.php?rest_route=\/wp\/v2\/users\/2"}],"replies":[{"embeddable":true,"href":"https:\/\/ra-soest.de\/index.php?rest_route=%2Fwp%2Fv2%2Fcomments&post=4414"}],"version-history":[{"count":1,"href":"https:\/\/ra-soest.de\/index.php?rest_route=\/wp\/v2\/posts\/4414\/revisions"}],"predecessor-version":[{"id":4415,"href":"https:\/\/ra-soest.de\/index.php?rest_route=\/wp\/v2\/posts\/4414\/revisions\/4415"}],"wp:attachment":[{"href":"https:\/\/ra-soest.de\/index.php?rest_route=%2Fwp%2Fv2%2Fmedia&parent=4414"}],"wp:term":[{"taxonomy":"category","embeddable":true,"href":"https:\/\/ra-soest.de\/index.php?rest_route=%2Fwp%2Fv2%2Fcategories&post=4414"},{"taxonomy":"post_tag","embeddable":true,"href":"https:\/\/ra-soest.de\/index.php?rest_route=%2Fwp%2Fv2%2Ftags&post=4414"}],"curies":[{"name":"wp","href":"https:\/\/api.w.org\/{rel}","templated":true}]}}