{"id":4390,"date":"2022-05-17T21:15:41","date_gmt":"2022-05-17T21:15:41","guid":{"rendered":"http:\/\/ra-soest.de\/?p=4390"},"modified":"2022-05-17T21:15:41","modified_gmt":"2022-05-17T21:15:41","slug":"nachschieben-von-gruenden-bei-ausserordentlicher-kuendigung-bag-urteil-vom-12-01-2021-azn-72420","status":"publish","type":"post","link":"https:\/\/ra-soest.de\/?p=4390","title":{"rendered":"Nachschieben von Gr\u00fcnden bei au\u00dferordentlicher K\u00fcndigung: BAG, Urteil vom 12.01.2021, -\u201c AZN 724\/20-"},"content":{"rendered":"<p align=\"JUSTIFY\">Vorbehaltlich eines \u201ev\u00f6lligen Auswechselns\u201c der K\u00fcndigungsgr\u00fcnde bildet \u00a7 626 Absatz 2 BGB keine Schranke f\u00fcr das Nachschieben von K\u00fcndigungsgr\u00fcnden. Eine K\u00fcndigung kann zun\u00e4chst ohne jeden auch nur ansatzweise tragf\u00e4higen Grund gleichsam blanko erkl\u00e4rt werden und ist \u201erechtzeitig\u201c erkl\u00e4rt, wenn bei ihrem Zugang der nachgeschobene K\u00fcndigungsgrund objektiv schon vorlag, aber dem K\u00fcndigungsberechtigten seinerzeit noch nicht bekannt war.<\/p>\n","protected":false},"excerpt":{"rendered":"<p>Vorbehaltlich eines \u201ev\u00f6lligen Auswechselns\u201c der K\u00fcndigungsgr\u00fcnde bildet \u00a7 626 Absatz 2 BGB keine Schranke f\u00fcr das Nachschieben von K\u00fcndigungsgr\u00fcnden. Eine K\u00fcndigung kann zun\u00e4chst ohne jeden auch nur ansatzweise tragf\u00e4higen Grund gleichsam blanko erkl\u00e4rt werden und ist \u201erechtzeitig\u201c erkl\u00e4rt, wenn bei ihrem Zugang der nachgeschobene K\u00fcndigungsgrund objektiv schon vorlag, aber dem K\u00fcndigungsberechtigten seinerzeit noch nicht bekannt war.<span class=\"more-link-wrap\"><a class=\"more-link\" href=\"https:\/\/ra-soest.de\/?p=4390\">Read More &rarr;<\/a><\/span><\/p>\n","protected":false},"author":2,"featured_media":0,"comment_status":"closed","ping_status":"closed","sticky":false,"template":"","format":"standard","meta":{"footnotes":""},"categories":[2],"tags":[],"class_list":["entry","author-hoecker","post-4390","post","type-post","status-publish","format-standard","category-arbeitsrecht"],"_links":{"self":[{"href":"https:\/\/ra-soest.de\/index.php?rest_route=\/wp\/v2\/posts\/4390","targetHints":{"allow":["GET"]}}],"collection":[{"href":"https:\/\/ra-soest.de\/index.php?rest_route=\/wp\/v2\/posts"}],"about":[{"href":"https:\/\/ra-soest.de\/index.php?rest_route=\/wp\/v2\/types\/post"}],"author":[{"embeddable":true,"href":"https:\/\/ra-soest.de\/index.php?rest_route=\/wp\/v2\/users\/2"}],"replies":[{"embeddable":true,"href":"https:\/\/ra-soest.de\/index.php?rest_route=%2Fwp%2Fv2%2Fcomments&post=4390"}],"version-history":[{"count":1,"href":"https:\/\/ra-soest.de\/index.php?rest_route=\/wp\/v2\/posts\/4390\/revisions"}],"predecessor-version":[{"id":4391,"href":"https:\/\/ra-soest.de\/index.php?rest_route=\/wp\/v2\/posts\/4390\/revisions\/4391"}],"wp:attachment":[{"href":"https:\/\/ra-soest.de\/index.php?rest_route=%2Fwp%2Fv2%2Fmedia&parent=4390"}],"wp:term":[{"taxonomy":"category","embeddable":true,"href":"https:\/\/ra-soest.de\/index.php?rest_route=%2Fwp%2Fv2%2Fcategories&post=4390"},{"taxonomy":"post_tag","embeddable":true,"href":"https:\/\/ra-soest.de\/index.php?rest_route=%2Fwp%2Fv2%2Ftags&post=4390"}],"curies":[{"name":"wp","href":"https:\/\/api.w.org\/{rel}","templated":true}]}}