{"id":4370,"date":"2021-05-01T08:23:59","date_gmt":"2021-05-01T08:23:59","guid":{"rendered":"http:\/\/ra-soest.de\/?p=4370"},"modified":"2021-05-01T08:23:59","modified_gmt":"2021-05-01T08:23:59","slug":"arbeitszeiterfassung-arbg-emden-urteil-vom-24-09-2020-2-ca-14420","status":"publish","type":"post","link":"https:\/\/ra-soest.de\/?p=4370","title":{"rendered":"Arbeitszeiterfassung: ArbG Emden, Urteil vom 24.09.2020 -2 Ca 144\/20-"},"content":{"rendered":"<p align=\"JUSTIFY\">H\u00e4tte der Arbeitgeber durch Einf\u00fchrung eines Systems zur Zeiterfassung, zu dessen Einf\u00fchrung, \u00dcberwachung und Kontrolle er verpflichtet ist, die geleisteten Stunden erkennen k\u00f6nnen und hat er dies unterlassen, liegt die Beweislast im Verg\u00fctungsprozess bei ihm. Es bedarf in Umsetzung der \u201eArbeitszeit-Entscheidung\u201c des EuGH (Urteil vom 14.05.2019 -C-55\/18-) somit keiner positiven Kenntnis des Arbeitgebers \u00fcber die geleisteten \u00dcberstunden mehr, wie bislang vom BAG gefordert.<\/p>\n","protected":false},"excerpt":{"rendered":"<p>H\u00e4tte der Arbeitgeber durch Einf\u00fchrung eines Systems zur Zeiterfassung, zu dessen Einf\u00fchrung, \u00dcberwachung und Kontrolle er verpflichtet ist, die geleisteten Stunden erkennen k\u00f6nnen und hat er dies unterlassen, liegt die Beweislast im Verg\u00fctungsprozess bei ihm. Es bedarf in Umsetzung der \u201eArbeitszeit-Entscheidung\u201c des EuGH (Urteil vom 14.05.2019 -C-55\/18-) somit keiner positiven Kenntnis des Arbeitgebers \u00fcber die geleisteten \u00dcberstunden mehr, wie bislang vom BAG gefordert.<span class=\"more-link-wrap\"><a class=\"more-link\" href=\"https:\/\/ra-soest.de\/?p=4370\">Read More &rarr;<\/a><\/span><\/p>\n","protected":false},"author":2,"featured_media":0,"comment_status":"closed","ping_status":"closed","sticky":false,"template":"","format":"standard","meta":{"footnotes":""},"categories":[2],"tags":[],"class_list":["entry","author-hoecker","post-4370","post","type-post","status-publish","format-standard","category-arbeitsrecht"],"_links":{"self":[{"href":"https:\/\/ra-soest.de\/index.php?rest_route=\/wp\/v2\/posts\/4370","targetHints":{"allow":["GET"]}}],"collection":[{"href":"https:\/\/ra-soest.de\/index.php?rest_route=\/wp\/v2\/posts"}],"about":[{"href":"https:\/\/ra-soest.de\/index.php?rest_route=\/wp\/v2\/types\/post"}],"author":[{"embeddable":true,"href":"https:\/\/ra-soest.de\/index.php?rest_route=\/wp\/v2\/users\/2"}],"replies":[{"embeddable":true,"href":"https:\/\/ra-soest.de\/index.php?rest_route=%2Fwp%2Fv2%2Fcomments&post=4370"}],"version-history":[{"count":1,"href":"https:\/\/ra-soest.de\/index.php?rest_route=\/wp\/v2\/posts\/4370\/revisions"}],"predecessor-version":[{"id":4371,"href":"https:\/\/ra-soest.de\/index.php?rest_route=\/wp\/v2\/posts\/4370\/revisions\/4371"}],"wp:attachment":[{"href":"https:\/\/ra-soest.de\/index.php?rest_route=%2Fwp%2Fv2%2Fmedia&parent=4370"}],"wp:term":[{"taxonomy":"category","embeddable":true,"href":"https:\/\/ra-soest.de\/index.php?rest_route=%2Fwp%2Fv2%2Fcategories&post=4370"},{"taxonomy":"post_tag","embeddable":true,"href":"https:\/\/ra-soest.de\/index.php?rest_route=%2Fwp%2Fv2%2Ftags&post=4370"}],"curies":[{"name":"wp","href":"https:\/\/api.w.org\/{rel}","templated":true}]}}